{"id":335,"date":"2019-11-18T14:03:51","date_gmt":"2019-11-18T13:03:51","guid":{"rendered":"http:\/\/www.museiciviciviggiutesi.com\/?p=335"},"modified":"2019-11-18T14:03:52","modified_gmt":"2019-11-18T13:03:52","slug":"simone-patarini-life-is-a-ball-la-sfera","status":"publish","type":"post","link":"https:\/\/www.museiciviciviggiutesi.com\/?p=335","title":{"rendered":"SIMONE PATARINI &#8221; Life is a ball&#8221; La sfera"},"content":{"rendered":"\n<p><em>A cura di Stefania Barile<\/em><\/p>\n\n\n\n<p><strong>Villa Borromeo dal 1 al 29 giugno 2014<\/strong><\/p>\n\n\n\n<p>Inaugurazione domenica 1 giugno ore 17.00<\/p>\n\n\n\n<p>Orari d\u2019apertura: mercoled\u00ec 10.00-12.30 &#8211; sabato 10.00-12.30 e 16.00-19.00 &#8211; domenica 16.00-19.00<\/p>\n\n\n\n<p>La mostra sar\u00e0 composta da una trentina di sculture in ceramica rappresentanti la sfera, create dal 2009 al 2014 e sar\u00e0 accompagnata da un testo critico di Stefania Barile.<br>\u201cArgan, commentando l\u2019arte di Fontana, sosteneva che un dipinto \u00e8 sempre una superficie colorata, la sua forma ideale \u00e8 il piano, e che una scultura \u00e8 sempre un volume plastico, la sua forma ideale \u00e8 la sfera. Simone Patarini gioca con il potere plastico dei volumi: nelle vesti di un Timeo dei tempi moderni \u2013 scrive Stefania Barile \u2013 cerca di ricondurre la materia informe alla forma perfetta, quella celebrata dalla filosofia antica e dall\u2019arte, di convertire l\u2019irregolarit\u00e0 all\u2019uniformit\u00e0, di riformulare la simmetria e d\u2019incontrare l\u2019armonia. &nbsp;E\u2019 la celebrazione di un ritorno, tanto atteso quanto temuto, alla sfera.\u201d<\/p>\n","protected":false},"excerpt":{"rendered":"<p>A cura di Stefania Barile Villa Borromeo dal 1 al 29 giugno 2014 Inaugurazione domenica 1 giugno ore 17.00 Orari d\u2019apertura: mercoled\u00ec 10.00-12.30 &#8211; sabato 10.00-12.30 e 16.00-19.00 &#8211; domenica 16.00-19.00 La mostra sar\u00e0 composta da una trentina di sculture in ceramica rappresentanti la sfera, create dal 2009 al 2014 e sar\u00e0 accompagnata da un [&hellip;]<\/p>\n","protected":false},"author":1,"featured_media":336,"comment_status":"open","ping_status":"open","sticky":false,"template":"","format":"standard","meta":{"footnotes":""},"categories":[10],"tags":[],"class_list":["post-335","post","type-post","status-publish","format-standard","has-post-thumbnail","hentry","category-mcv"],"_links":{"self":[{"href":"https:\/\/www.museiciviciviggiutesi.com\/index.php?rest_route=\/wp\/v2\/posts\/335","targetHints":{"allow":["GET"]}}],"collection":[{"href":"https:\/\/www.museiciviciviggiutesi.com\/index.php?rest_route=\/wp\/v2\/posts"}],"about":[{"href":"https:\/\/www.museiciviciviggiutesi.com\/index.php?rest_route=\/wp\/v2\/types\/post"}],"author":[{"embeddable":true,"href":"https:\/\/www.museiciviciviggiutesi.com\/index.php?rest_route=\/wp\/v2\/users\/1"}],"replies":[{"embeddable":true,"href":"https:\/\/www.museiciviciviggiutesi.com\/index.php?rest_route=%2Fwp%2Fv2%2Fcomments&post=335"}],"version-history":[{"count":1,"href":"https:\/\/www.museiciviciviggiutesi.com\/index.php?rest_route=\/wp\/v2\/posts\/335\/revisions"}],"predecessor-version":[{"id":337,"href":"https:\/\/www.museiciviciviggiutesi.com\/index.php?rest_route=\/wp\/v2\/posts\/335\/revisions\/337"}],"wp:featuredmedia":[{"embeddable":true,"href":"https:\/\/www.museiciviciviggiutesi.com\/index.php?rest_route=\/wp\/v2\/media\/336"}],"wp:attachment":[{"href":"https:\/\/www.museiciviciviggiutesi.com\/index.php?rest_route=%2Fwp%2Fv2%2Fmedia&parent=335"}],"wp:term":[{"taxonomy":"category","embeddable":true,"href":"https:\/\/www.museiciviciviggiutesi.com\/index.php?rest_route=%2Fwp%2Fv2%2Fcategories&post=335"},{"taxonomy":"post_tag","embeddable":true,"href":"https:\/\/www.museiciviciviggiutesi.com\/index.php?rest_route=%2Fwp%2Fv2%2Ftags&post=335"}],"curies":[{"name":"wp","href":"https:\/\/api.w.org\/{rel}","templated":true}]}}