{"id":345,"date":"2019-11-18T14:13:07","date_gmt":"2019-11-18T13:13:07","guid":{"rendered":"http:\/\/www.museiciviciviggiutesi.com\/?p=345"},"modified":"2019-11-18T14:18:10","modified_gmt":"2019-11-18T13:18:10","slug":"emery-s","status":"publish","type":"post","link":"https:\/\/www.museiciviciviggiutesi.com\/?p=345","title":{"rendered":"I VOLTI DEL LICEO di Bruno Fasola"},"content":{"rendered":"\n<p><em>A cura di&nbsp;Ignazio Campagna e Bruno Fasola<\/em><\/p>\n\n\n\n<p><em>Presentazione di Ermanno Morosi<\/em><\/p>\n\n\n\n<p><strong>Villa Borromeo dal 13 settembre al 5 &nbsp;ottobre 2014<\/strong><\/p>\n\n\n\n<p>Inaugurazione sabato 13 settembre 2014, ore 17.00<\/p>\n\n\n\n<p><strong>Orari d\u2019apertura:<\/strong><\/p>\n\n\n\n<p>mercoled\u00ec 10 \u2013 12 \/ sabato e domenica 16 \u2013 19<\/p>\n\n\n\n<p>La mostra&nbsp; \u00e8 il frutto di una ricerca sul ritratto che Bruno Fasola porta avanti da&nbsp; molti anni e che si \u00e8 concretizzata, in questo caso, attraverso le sedute di ripresa&nbsp; cui, nel corso degli anni in cui \u00e8 stato docente presso il Liceo Artistico Frattini di Varese, ha sottoposto le sue alunne ed alunni e i suoi colleghi&nbsp; di lavoro sia docenti che dirigenti che collaboratori tecnici. In questa mostra sono raccolti&nbsp; solo i ritratti in bianco e nero che facevano parte di una pi\u00f9 vasta esposizione gi\u00e0 tenutasi nel mese di novembre 2013 presso il Liceo Artistico Frattini stesso . Questa selezione mette pi\u00f9 in evidenza la ricerca formale ed espressiva dell\u2019autore ed \u00e8 certo pi\u00f9 interpretativa della personalit\u00e0 dei soggetti&nbsp; ritratti in quanto il bianco e nero \u00e8 lo strumento pi\u00f9 consono a stornare l\u2019attenzione del pubblico dalla verisimiglianza fisionomica che il colore tende invece a riproporre. Accanto alle immagini stampate sar\u00e0 possibile anche vedere, attraverso&nbsp; una proiezione digitale, un\u2019antologia di ritratti e di fotografie di diverso genere realizzate da Bruno Fasola.<\/p>\n","protected":false},"excerpt":{"rendered":"<p>A cura di&nbsp;Ignazio Campagna e Bruno Fasola Presentazione di Ermanno Morosi Villa Borromeo dal 13 settembre al 5 &nbsp;ottobre 2014 Inaugurazione sabato 13 settembre 2014, ore 17.00 Orari d\u2019apertura: mercoled\u00ec 10 \u2013 12 \/ sabato e domenica 16 \u2013 19 La mostra&nbsp; \u00e8 il frutto di una ricerca sul ritratto che Bruno Fasola porta avanti [&hellip;]<\/p>\n","protected":false},"author":1,"featured_media":347,"comment_status":"open","ping_status":"open","sticky":false,"template":"","format":"standard","meta":{"footnotes":""},"categories":[10],"tags":[],"class_list":["post-345","post","type-post","status-publish","format-standard","has-post-thumbnail","hentry","category-mcv"],"_links":{"self":[{"href":"https:\/\/www.museiciviciviggiutesi.com\/index.php?rest_route=\/wp\/v2\/posts\/345","targetHints":{"allow":["GET"]}}],"collection":[{"href":"https:\/\/www.museiciviciviggiutesi.com\/index.php?rest_route=\/wp\/v2\/posts"}],"about":[{"href":"https:\/\/www.museiciviciviggiutesi.com\/index.php?rest_route=\/wp\/v2\/types\/post"}],"author":[{"embeddable":true,"href":"https:\/\/www.museiciviciviggiutesi.com\/index.php?rest_route=\/wp\/v2\/users\/1"}],"replies":[{"embeddable":true,"href":"https:\/\/www.museiciviciviggiutesi.com\/index.php?rest_route=%2Fwp%2Fv2%2Fcomments&post=345"}],"version-history":[{"count":2,"href":"https:\/\/www.museiciviciviggiutesi.com\/index.php?rest_route=\/wp\/v2\/posts\/345\/revisions"}],"predecessor-version":[{"id":357,"href":"https:\/\/www.museiciviciviggiutesi.com\/index.php?rest_route=\/wp\/v2\/posts\/345\/revisions\/357"}],"wp:featuredmedia":[{"embeddable":true,"href":"https:\/\/www.museiciviciviggiutesi.com\/index.php?rest_route=\/wp\/v2\/media\/347"}],"wp:attachment":[{"href":"https:\/\/www.museiciviciviggiutesi.com\/index.php?rest_route=%2Fwp%2Fv2%2Fmedia&parent=345"}],"wp:term":[{"taxonomy":"category","embeddable":true,"href":"https:\/\/www.museiciviciviggiutesi.com\/index.php?rest_route=%2Fwp%2Fv2%2Fcategories&post=345"},{"taxonomy":"post_tag","embeddable":true,"href":"https:\/\/www.museiciviciviggiutesi.com\/index.php?rest_route=%2Fwp%2Fv2%2Ftags&post=345"}],"curies":[{"name":"wp","href":"https:\/\/api.w.org\/{rel}","templated":true}]}}