{"id":510,"date":"2019-11-19T09:30:20","date_gmt":"2019-11-19T08:30:20","guid":{"rendered":"http:\/\/www.museiciviciviggiutesi.com\/?p=510"},"modified":"2019-11-19T09:30:21","modified_gmt":"2019-11-19T08:30:21","slug":"floriano-bodini-la-via-del-rosario","status":"publish","type":"post","link":"https:\/\/www.museiciviciviggiutesi.com\/?p=510","title":{"rendered":"FLORIANO BODINI &#8211; LA VIA DEL ROSARIO"},"content":{"rendered":"\n<figure class=\"wp-block-image\"><img loading=\"lazy\" decoding=\"async\" width=\"214\" height=\"300\" src=\"http:\/\/www.museiciviciviggiutesi.com\/wp-content\/uploads\/2019\/11\/Manifesto-Bodini-R-214x300-1.jpg\" alt=\"\" class=\"wp-image-520\"\/><\/figure>\n\n\n\n<p><em>A cura di Ignazio Campagna e Lara Treppiede<\/em><\/p>\n\n\n\n<p><strong>Museo Enrico Butti, dal 28 ottobre al 10 dicembre 2017<\/strong><\/p>\n\n\n\n<p>Il Polo Museale Viggiutese Enrico Butti, in collaborazione con il Museo Floriano Bodini di Gemonio, ospita nell\u2019autunno 2017, il progetto ed i bozzetti dei bronzi del maestro utilizzati per la \u201cVia Sacra di Viggi\u00f9\u201d.<\/p>\n\n\n\n<p>Nel decennale dalla scomparsa di S.E. Monsignor Gianni Danzi ho voluto ospitare al Museo Butti di Viggi\u00f9 una serie di elaborati grafici e a bassorilievo di un&#8217;opera che sembra passi inosservata agli occhi di un pubblico a volte distratto. Dal 28 ottobre al 10 dicembre 2017, data importante poich\u00e9 sar\u00e0 la II^ domenica d&#8217;Avvento e la giornata che ricorda la Beata Vergine di Loreto dove Monsignore \u00e8 stato Arcivescovo, \u00e8 possibile visitare una mostra inerente in primis la realizzazione di 21 medaglie (presenti alla mostra) volute da Giovanni Paolo II\u00b0 nel XXV\u00b0 anno del suo pontificato (1978-2003) quando proclam\u00f2 Anno del Rosario &#8220;Rosarium Virginis Mariae&#8221; il periodo che va dalla fine del 2002 a quella del 2003; in secondo luogo l&#8217;esposizione mostrer\u00e0 la volont\u00e0 di Monsignor Danzi di collocare 21 bassorilievi in bronzo di 26 cm. di diametro fusi e offerti da S.E. a Viggi\u00f9. Sei stazioni accompagnano infatti dal 2008 la via sacra del Rosario che sale al colle Sant&#8217;Elia; esse sono state realizzate con monoliti\/steli di Pietra di Saltrio dove sono incastonati i bronzi dello scultore Floriano Bodini rappresentanti i Misteri del Rosario: della gioia, della luce, del dolore e della gloria, cinque bassorilievi per ogni stazione.&nbsp; Per la prima volta i 21 bassorilievi riuniti ed esposti eccezionalmente per questo evento mostrano tutto lo spessore di uno scultore dall&#8217;innata creativit\u00e0 capace di vedere spesso oltre il tangibile. Sono tondi con una modellazione sottile e tendenti allo stiacciato in gergo tecnico e schiacciato nella lingua comune con appena percepibili variazioni di spessore molto care a Floriano. Catalogo nel museo. (I.C.)<\/p>\n\n\n\n<p>Inaugurazione sabato 28 ottobre 2017, ore 17.00<\/p>\n\n\n\n<p><strong>Orari d\u2019apertura:<\/strong><\/p>\n\n\n\n<p>da marted\u00ec a venerd\u00ec 14.00-18.30 sabato 9.30-12.00 e 14.00-18.30 domenica 16.00\u201319 .00<\/p>\n","protected":false},"excerpt":{"rendered":"<p>A cura di Ignazio Campagna e Lara Treppiede Museo Enrico Butti, dal 28 ottobre al 10 dicembre 2017 Il Polo Museale Viggiutese Enrico Butti, in collaborazione con il Museo Floriano Bodini di Gemonio, ospita nell\u2019autunno 2017, il progetto ed i bozzetti dei bronzi del maestro utilizzati per la \u201cVia Sacra di Viggi\u00f9\u201d. Nel decennale dalla [&hellip;]<\/p>\n","protected":false},"author":1,"featured_media":519,"comment_status":"open","ping_status":"open","sticky":false,"template":"","format":"standard","meta":{"footnotes":""},"categories":[10],"tags":[],"class_list":["post-510","post","type-post","status-publish","format-standard","has-post-thumbnail","hentry","category-mcv"],"_links":{"self":[{"href":"https:\/\/www.museiciviciviggiutesi.com\/index.php?rest_route=\/wp\/v2\/posts\/510","targetHints":{"allow":["GET"]}}],"collection":[{"href":"https:\/\/www.museiciviciviggiutesi.com\/index.php?rest_route=\/wp\/v2\/posts"}],"about":[{"href":"https:\/\/www.museiciviciviggiutesi.com\/index.php?rest_route=\/wp\/v2\/types\/post"}],"author":[{"embeddable":true,"href":"https:\/\/www.museiciviciviggiutesi.com\/index.php?rest_route=\/wp\/v2\/users\/1"}],"replies":[{"embeddable":true,"href":"https:\/\/www.museiciviciviggiutesi.com\/index.php?rest_route=%2Fwp%2Fv2%2Fcomments&post=510"}],"version-history":[{"count":1,"href":"https:\/\/www.museiciviciviggiutesi.com\/index.php?rest_route=\/wp\/v2\/posts\/510\/revisions"}],"predecessor-version":[{"id":521,"href":"https:\/\/www.museiciviciviggiutesi.com\/index.php?rest_route=\/wp\/v2\/posts\/510\/revisions\/521"}],"wp:featuredmedia":[{"embeddable":true,"href":"https:\/\/www.museiciviciviggiutesi.com\/index.php?rest_route=\/wp\/v2\/media\/519"}],"wp:attachment":[{"href":"https:\/\/www.museiciviciviggiutesi.com\/index.php?rest_route=%2Fwp%2Fv2%2Fmedia&parent=510"}],"wp:term":[{"taxonomy":"category","embeddable":true,"href":"https:\/\/www.museiciviciviggiutesi.com\/index.php?rest_route=%2Fwp%2Fv2%2Fcategories&post=510"},{"taxonomy":"post_tag","embeddable":true,"href":"https:\/\/www.museiciviciviggiutesi.com\/index.php?rest_route=%2Fwp%2Fv2%2Ftags&post=510"}],"curies":[{"name":"wp","href":"https:\/\/api.w.org\/{rel}","templated":true}]}}