{"id":522,"date":"2019-11-19T09:31:51","date_gmt":"2019-11-19T08:31:51","guid":{"rendered":"http:\/\/www.museiciviciviggiutesi.com\/?p=522"},"modified":"2026-02-28T12:17:48","modified_gmt":"2026-02-28T11:17:48","slug":"michela-de-carli-tratti-del-cuore","status":"publish","type":"post","link":"https:\/\/www.museiciviciviggiutesi.com\/?p=522","title":{"rendered":"Michela De Carli. Tratti del cuore."},"content":{"rendered":"\n<p><em>A cura di Ignazio Campagna<\/em><\/p>\n\n\n\n<p><em>Presentazione di Alberto Moiraghi<\/em><\/p>\n\n\n\n<p><strong>Villa Borromeo dal 12 novembre al 3 dicembre 2017<\/strong><\/p>\n\n\n\n<p>Inaugurazione domenica 12 novembre 2017, ore 11.00<\/p>\n\n\n\n<p><strong>Orari d\u2019apertura:<\/strong><\/p>\n\n\n\n<p>mercoled\u00ec 10 \u2013 12 \/ sabato e domenica 16 \u2013 19<\/p>\n\n\n\n<figure class=\"wp-block-image\"><img loading=\"lazy\" decoding=\"async\" width=\"300\" height=\"150\" src=\"http:\/\/www.museiciviciviggiutesi.com\/wp-content\/uploads\/2019\/11\/Invito-De-CarliV-300x150-1.jpg\" alt=\"\" class=\"wp-image-518\"\/><\/figure>\n\n\n\n<p>\n\n\u201cTratti del cuore\u201d \u00e8 il titolo della mostra che Michela De Carli presenta al museo civico viggiutese di villa Borromeo. In questa prima mostra personale sono raccolte le opere di una giovanissima artista, Michela, capace di restituire visivamente i soggetti attraverso&nbsp;<em>\u201ctratti\u201d<\/em>&nbsp;grafici in forme e colori di un realismo quasi fotografico e di far emergere il&nbsp;<em>\u201ccuore\u201d<\/em>&nbsp;del soggetto rappresentato, ci\u00f2 che lo abita. Michela \u00e8 una giovane artista in ricerca, con uno sguardo che si rivolge al mondo in modo curioso, stupito, contemplativo, positivo, lo sguardo di una bambina, non ingenua ma semplice, pura nel cuore e nelle intenzioni. Le opere esposte hanno per soggetto famigliari dell\u2019artista. Sono rappresentati da soli o in atteggiamenti di solitudine, come il sonno, momento in cui l\u2019umano si ritrova con s\u00e9 stesso solo, in contatto con l\u2019onirico e l\u2019inconscio, sospeso tra realt\u00e0 e sogno. In questa mostra \u00e8 come se Michela de Carli riunisse le parti di s\u00e9 ritrovate e dipinte nei soggetti e le mettesse in dialogo tra loro e con il pubblico comunicando al mondo la parte pi\u00f9 intima di s\u00e9, il cuore, traendo fuori da esso bellezza e talento.\n\n<\/p>\n","protected":false},"excerpt":{"rendered":"<p>A cura di Ignazio Campagna Presentazione di Alberto Moiraghi Villa Borromeo dal 12 novembre al 3 dicembre 2017 Inaugurazione domenica 12 novembre 2017, ore 11.00 Orari d\u2019apertura: mercoled\u00ec 10 \u2013 12 \/ sabato e domenica 16 \u2013 19 \u201cTratti del cuore\u201d \u00e8 il titolo della mostra che Michela De Carli presenta al museo civico viggiutese [&hellip;]<\/p>\n","protected":false},"author":1,"featured_media":517,"comment_status":"closed","ping_status":"closed","sticky":false,"template":"","format":"standard","meta":{"footnotes":""},"categories":[10],"tags":[],"class_list":["post-522","post","type-post","status-publish","format-standard","has-post-thumbnail","hentry","category-mcv"],"_links":{"self":[{"href":"https:\/\/www.museiciviciviggiutesi.com\/index.php?rest_route=\/wp\/v2\/posts\/522","targetHints":{"allow":["GET"]}}],"collection":[{"href":"https:\/\/www.museiciviciviggiutesi.com\/index.php?rest_route=\/wp\/v2\/posts"}],"about":[{"href":"https:\/\/www.museiciviciviggiutesi.com\/index.php?rest_route=\/wp\/v2\/types\/post"}],"author":[{"embeddable":true,"href":"https:\/\/www.museiciviciviggiutesi.com\/index.php?rest_route=\/wp\/v2\/users\/1"}],"replies":[{"embeddable":true,"href":"https:\/\/www.museiciviciviggiutesi.com\/index.php?rest_route=%2Fwp%2Fv2%2Fcomments&post=522"}],"version-history":[{"count":1,"href":"https:\/\/www.museiciviciviggiutesi.com\/index.php?rest_route=\/wp\/v2\/posts\/522\/revisions"}],"predecessor-version":[{"id":523,"href":"https:\/\/www.museiciviciviggiutesi.com\/index.php?rest_route=\/wp\/v2\/posts\/522\/revisions\/523"}],"wp:featuredmedia":[{"embeddable":true,"href":"https:\/\/www.museiciviciviggiutesi.com\/index.php?rest_route=\/wp\/v2\/media\/517"}],"wp:attachment":[{"href":"https:\/\/www.museiciviciviggiutesi.com\/index.php?rest_route=%2Fwp%2Fv2%2Fmedia&parent=522"}],"wp:term":[{"taxonomy":"category","embeddable":true,"href":"https:\/\/www.museiciviciviggiutesi.com\/index.php?rest_route=%2Fwp%2Fv2%2Fcategories&post=522"},{"taxonomy":"post_tag","embeddable":true,"href":"https:\/\/www.museiciviciviggiutesi.com\/index.php?rest_route=%2Fwp%2Fv2%2Ftags&post=522"}],"curies":[{"name":"wp","href":"https:\/\/api.w.org\/{rel}","templated":true}]}}