{"id":543,"date":"2019-11-19T09:50:08","date_gmt":"2019-11-19T08:50:08","guid":{"rendered":"http:\/\/www.museiciviciviggiutesi.com\/?p=543"},"modified":"2026-02-28T12:18:28","modified_gmt":"2026-02-28T11:18:28","slug":"aldo-ambrosini-punto-esclamativo","status":"publish","type":"post","link":"https:\/\/www.museiciviciviggiutesi.com\/?p=543","title":{"rendered":"Aldo Ambrosini. Punto esclamativo"},"content":{"rendered":"\n<figure class=\"wp-block-image\"><img loading=\"lazy\" decoding=\"async\" width=\"300\" height=\"150\" src=\"http:\/\/www.museiciviciviggiutesi.com\/wp-content\/uploads\/2019\/11\/InvitoAmbrosini-V-ok2-300x150-1.jpg\" alt=\"\" class=\"wp-image-514\"\/><\/figure>\n\n\n\n<p><em>Mostra a cura di Ignazio Campagna<\/em><\/p>\n\n\n\n<p><em>Presentazione di Ettore Ceriani<\/em><\/p>\n\n\n\n<p><strong>Museo Butti dal 16 giugno al 15 luglio 2018<\/strong><\/p>\n\n\n\n<p>Inaugurazione sabato 16 giugno 2018, ore 17.30<\/p>\n\n\n\n<p><strong>Orari d\u2019apertura:<\/strong><\/p>\n\n\n\n<p>da marted\u00ec a venerd\u00ec 14.00-18.30, sabato 9.30 \u2013 12.00 e 14.00-18.30 e &nbsp;domenica 16.00 \u2013 19.00<\/p>\n\n\n\n<p>Artista preparato e ben considerato da pubblico e critica per la coerenza della sua ricerca che d\u00e0 vita ad una distintiva espressivit\u00e0, Aldo Ambrosini presenta al Museo Butti di Viggi\u00f9 i suoi recenti lavori sotto il titolo \u201cPunto Interrogativo\u201d.<\/p>\n\n\n\n<p>Un titolo che ben riassume ed evidenzia le radici attorno alle quali il pittore riflette ed opera, portando avanti con lucidit\u00e0: motivazioni profonde e continuamente indagate, linguaggio schietto negli esiti, capacit\u00e0 di interloquire con l&#8217;osservatore, confrontandosi su valori di evidente valore culturale ed umano.<\/p>\n\n\n\n<p>La sua figurazione pulita e priva di eccessive descrizioni nasce da una maturazione a lungo circostanziata negli anni, come si pu\u00f2 evincere dalle figure che pescano dall&#8217;intera storia dell&#8217;arte, pur facendo proprie alcune tendenze dell&#8217;arte moderna, debitamente rivisitate nelle posture dei corpi, che sembrano vagare nel vuoto e nel silenzio.<\/p>\n\n\n\n<p>Nato a Varese nel 1942, Ambrosini ha iniziato ad esporre nel 1965 e, dopo aver frequentato i corsi di pittura all&#8217;Accademia di Brera ed al Castello Sforzesco, ha partecipato ad importanti mostre collettive (Premio San Fedele, Premio Citt\u00e0 di Gallarate, varie mostre della Associazione Liberi Artisti della Provincia di Varese), non rinunciando nel contempo a promuovere significative \u201cpersonali\u201d.&nbsp; &nbsp; &nbsp; &nbsp; &nbsp; &nbsp; &nbsp; &nbsp; &nbsp; &nbsp; &nbsp; &nbsp; &nbsp; &nbsp; &nbsp; &nbsp; &nbsp; &nbsp; &nbsp; &nbsp; &nbsp; &nbsp; &nbsp; &nbsp; &nbsp; &nbsp; &nbsp; &nbsp; &nbsp; &nbsp; &nbsp; &nbsp; &nbsp; &nbsp; &nbsp; &nbsp; &nbsp; &nbsp; &nbsp; &nbsp; &nbsp; &nbsp; &nbsp; &nbsp; E.C.<\/p>\n","protected":false},"excerpt":{"rendered":"<p>Mostra a cura di Ignazio Campagna Presentazione di Ettore Ceriani Museo Butti dal 16 giugno al 15 luglio 2018 Inaugurazione sabato 16 giugno 2018, ore 17.30 Orari d\u2019apertura: da marted\u00ec a venerd\u00ec 14.00-18.30, sabato 9.30 \u2013 12.00 e 14.00-18.30 e &nbsp;domenica 16.00 \u2013 19.00 Artista preparato e ben considerato da pubblico e critica per la [&hellip;]<\/p>\n","protected":false},"author":1,"featured_media":513,"comment_status":"closed","ping_status":"closed","sticky":false,"template":"","format":"standard","meta":{"footnotes":""},"categories":[10],"tags":[],"class_list":["post-543","post","type-post","status-publish","format-standard","has-post-thumbnail","hentry","category-mcv"],"_links":{"self":[{"href":"https:\/\/www.museiciviciviggiutesi.com\/index.php?rest_route=\/wp\/v2\/posts\/543","targetHints":{"allow":["GET"]}}],"collection":[{"href":"https:\/\/www.museiciviciviggiutesi.com\/index.php?rest_route=\/wp\/v2\/posts"}],"about":[{"href":"https:\/\/www.museiciviciviggiutesi.com\/index.php?rest_route=\/wp\/v2\/types\/post"}],"author":[{"embeddable":true,"href":"https:\/\/www.museiciviciviggiutesi.com\/index.php?rest_route=\/wp\/v2\/users\/1"}],"replies":[{"embeddable":true,"href":"https:\/\/www.museiciviciviggiutesi.com\/index.php?rest_route=%2Fwp%2Fv2%2Fcomments&post=543"}],"version-history":[{"count":1,"href":"https:\/\/www.museiciviciviggiutesi.com\/index.php?rest_route=\/wp\/v2\/posts\/543\/revisions"}],"predecessor-version":[{"id":544,"href":"https:\/\/www.museiciviciviggiutesi.com\/index.php?rest_route=\/wp\/v2\/posts\/543\/revisions\/544"}],"wp:featuredmedia":[{"embeddable":true,"href":"https:\/\/www.museiciviciviggiutesi.com\/index.php?rest_route=\/wp\/v2\/media\/513"}],"wp:attachment":[{"href":"https:\/\/www.museiciviciviggiutesi.com\/index.php?rest_route=%2Fwp%2Fv2%2Fmedia&parent=543"}],"wp:term":[{"taxonomy":"category","embeddable":true,"href":"https:\/\/www.museiciviciviggiutesi.com\/index.php?rest_route=%2Fwp%2Fv2%2Fcategories&post=543"},{"taxonomy":"post_tag","embeddable":true,"href":"https:\/\/www.museiciviciviggiutesi.com\/index.php?rest_route=%2Fwp%2Fv2%2Ftags&post=543"}],"curies":[{"name":"wp","href":"https:\/\/api.w.org\/{rel}","templated":true}]}}