{"id":566,"date":"2019-11-19T10:09:29","date_gmt":"2019-11-19T09:09:29","guid":{"rendered":"http:\/\/www.museiciviciviggiutesi.com\/?p=566"},"modified":"2026-02-28T12:18:59","modified_gmt":"2026-02-28T11:18:59","slug":"ii-biennale-darte-giovani-2018","status":"publish","type":"post","link":"https:\/\/www.museiciviciviggiutesi.com\/?p=566","title":{"rendered":"II Biennale d\u2019Arte Giovani 2018"},"content":{"rendered":"\n<p><strong>dal 24 novembre al 23 dicembre 2018<\/strong><\/p>\n\n\n\n<p><em>a cura di Ignazio Campagna<\/em>&nbsp;e&nbsp;<em>Luca Scarabelli<\/em><\/p>\n\n\n\n<p>L\u2019esposizione biennale \u00e8 nata con l\u2019intenzione di far conoscere e promuovere i giovani artisti contemporanei. L\u2019esposizione \u00e8 sostenuta dal patrocinio dell\u2019Accademia di Belle Arti di Brera, dell\u2019Accademia di Belle Arti di Carrara e dell\u2019Accademia di Belle Arti di Bologna.<\/p>\n\n\n\n<p>Alla mostra biennale sono invitati: Francesca Brivio, Valeria Borrelli, Sofia Cassina, Giacomo Cazzaro, Giacomo De Giorgi, Diana Dorizzi, Marco Fontichiari, Arianna Ingrasc\u00ec, Arianna Magrini, Matteo Pizzolante, Edoardo Sessa, Diana Sgreccia, Emanuele Soldati, Luisa Turuani.<\/p>\n\n\n\n<p>Gli artisti hanno ricerche e poetiche diversificate, presentano opere caratterizzate da poetiche tradizionali, con dipinti e sculture improntate alla figurazione, ma anche opere in cui gli aspetti predominanti ricadono sulla processualit\u00e0 o sono legati alla narrativit\u00e0 fotografica, altri sulle caratteristiche specifiche dei materiali e altre ancora con carattere marcatamente concettuale. Quindi lavori realizzati con ogni mezzo espressivo, tecnica e materiale: pittura, fotografia, scultura, installazione, video.<\/p>\n\n\n\n<p>Sempre in funzione della valorizzazione dell\u2019arte dei giovani artisti contemporanei, in occasione della mostra si assegner\u00e0 un premio ad un artista tra i partecipanti alla biennale, che consiste nella possibilit\u00e0 di una mostra personale presso il Museo Enrico Butti di Viggi\u00f9 nel 2019.<\/p>\n\n\n\n<p>Referenti del progetto Biennale d\u2019arte Giovani sono per i Musei Civici Viggiutesi, il direttore artistico Ignazio Campagna, per il Liceo Artistico Angelo Frattini, il responsabile delle attivit\u00e0 espositive e del&nbsp;<em>nonmuseo<\/em>, Luca Scarabelli.<\/p>\n\n\n\n<p>Inaugurazione sabato 24 novembre 2018, ore 16.00<\/p>\n\n\n\n<p><strong>Orari d\u2019apertura:<\/strong><\/p>\n\n\n\n<p>da marted\u00ec a venerd\u00ec 14.00-18.30, sabato 9.30 \u2013 12.00 e 14.00-18.30 e domenica 15.00 \u2013 18.00<\/p>\n","protected":false},"excerpt":{"rendered":"<p>dal 24 novembre al 23 dicembre 2018 a cura di Ignazio Campagna&nbsp;e&nbsp;Luca Scarabelli L\u2019esposizione biennale \u00e8 nata con l\u2019intenzione di far conoscere e promuovere i giovani artisti contemporanei. L\u2019esposizione \u00e8 sostenuta dal patrocinio dell\u2019Accademia di Belle Arti di Brera, dell\u2019Accademia di Belle Arti di Carrara e dell\u2019Accademia di Belle Arti di Bologna. Alla mostra biennale [&hellip;]<\/p>\n","protected":false},"author":1,"featured_media":556,"comment_status":"closed","ping_status":"closed","sticky":false,"template":"","format":"standard","meta":{"footnotes":""},"categories":[10],"tags":[],"class_list":["post-566","post","type-post","status-publish","format-standard","has-post-thumbnail","hentry","category-mcv"],"_links":{"self":[{"href":"https:\/\/www.museiciviciviggiutesi.com\/index.php?rest_route=\/wp\/v2\/posts\/566","targetHints":{"allow":["GET"]}}],"collection":[{"href":"https:\/\/www.museiciviciviggiutesi.com\/index.php?rest_route=\/wp\/v2\/posts"}],"about":[{"href":"https:\/\/www.museiciviciviggiutesi.com\/index.php?rest_route=\/wp\/v2\/types\/post"}],"author":[{"embeddable":true,"href":"https:\/\/www.museiciviciviggiutesi.com\/index.php?rest_route=\/wp\/v2\/users\/1"}],"replies":[{"embeddable":true,"href":"https:\/\/www.museiciviciviggiutesi.com\/index.php?rest_route=%2Fwp%2Fv2%2Fcomments&post=566"}],"version-history":[{"count":1,"href":"https:\/\/www.museiciviciviggiutesi.com\/index.php?rest_route=\/wp\/v2\/posts\/566\/revisions"}],"predecessor-version":[{"id":567,"href":"https:\/\/www.museiciviciviggiutesi.com\/index.php?rest_route=\/wp\/v2\/posts\/566\/revisions\/567"}],"wp:featuredmedia":[{"embeddable":true,"href":"https:\/\/www.museiciviciviggiutesi.com\/index.php?rest_route=\/wp\/v2\/media\/556"}],"wp:attachment":[{"href":"https:\/\/www.museiciviciviggiutesi.com\/index.php?rest_route=%2Fwp%2Fv2%2Fmedia&parent=566"}],"wp:term":[{"taxonomy":"category","embeddable":true,"href":"https:\/\/www.museiciviciviggiutesi.com\/index.php?rest_route=%2Fwp%2Fv2%2Fcategories&post=566"},{"taxonomy":"post_tag","embeddable":true,"href":"https:\/\/www.museiciviciviggiutesi.com\/index.php?rest_route=%2Fwp%2Fv2%2Ftags&post=566"}],"curies":[{"name":"wp","href":"https:\/\/api.w.org\/{rel}","templated":true}]}}