{"id":581,"date":"2019-11-19T10:21:45","date_gmt":"2019-11-19T09:21:45","guid":{"rendered":"http:\/\/www.museiciviciviggiutesi.com\/?p=581"},"modified":"2026-02-28T12:15:05","modified_gmt":"2026-02-28T11:15:05","slug":"piermario-dorigatti-luna-nera-ed-altre-visioni","status":"publish","type":"post","link":"https:\/\/www.museiciviciviggiutesi.com\/?p=581","title":{"rendered":"Piermario Dorigatti: Luna nera ed altre visioni"},"content":{"rendered":"\n<p><em>A cura di Claudio Cerritelli<\/em><\/p>\n\n\n\n<p><strong>Museo Butti dal 23 giugno al 21 luglio 2019<\/strong><\/p>\n\n\n\n<p>Inaugurazione domenica 23 giugno 2019, ore 11.00<\/p>\n\n\n\n<p><strong>Orari d\u2019apertura:<\/strong><\/p>\n\n\n\n<p>da marted\u00ec a venerd\u00ec 14.00-18.30, sabato 9.30 \u2013 12.00 e 14.00-18.30 e domenica 15.00 \u2013 18.00<\/p>\n\n\n\n<p>VISIONI CROMATICHE<\/p>\n\n\n\n<p>Nona e ultima presenza qui al Museo Enrico Butti di Viggi\u00f9 che fa parte del progetto nato nel 2015, intitolato \u201c9 Artisti Allievi di Gottardo Ortelli &#8211; Slittamenti del cuore\u201d, curato dal critico d\u2019arte Claudio Cerritelli. In questi anni abbiamo visto alternarsi gli altri otto suoi compagni di accademia e studenti di Gottardo Ortelli: Tetsuro Shimizu, Ayako Nakamiya, Elena Strada, Pietro Pasquali, Alessandro Fieschi, Rossella Rapetti, Marco Grimaldi e Misia de Angelis. Addentrarsi nel mondo pittorico di Piermario Dorigatti \u00e8 come immergersi in un alveo irreale senza peso, fluttuante, che non ha un riferimento preciso, dove la navigazione che l&#8217;artista ci invita a percorrere \u00e8 sconosciuta e sta a noi scoprire le varie forme antropomorfe che si presentano alla visione. Le fisionomie pittoriche ci suggeriscono dei rimandi figurativi sia con colori chiari come il rosa o l\u2019incarnato o tramite i gialli, carichi di forze solari come la terra, o, addirittura, scuri e tendenti al viola come la luna nera riuscendo a fare da contrappeso pittorico a tutta la composizione. Il paesaggio, come tutto il progetto cromatico, \u00e8 studiato e impostato con meticolosit\u00e0 calibrata perch\u00e9 pensata e ripensata in cui emergono strati di colore in precedenza stesi e dopo rimossi con altro colore. Il quadro diventa un luogo, un terreno di sperimentazione, dove Piermario Dorigatti si interroga sulla rappresentazione dei suoi soggetti e sul metodo di farli emergere in modo chiaro e convinto. L\u2019avvicendarsi del segno in primis, e del colore poi, induce l\u2019artista a non lasciare mai il suo soggetto iniziale, ma lo cambia ottenendo una sorta di metamorfosi in progressione: lo integra, lo cancella e lo ricrea dandogli continuamente ossigeno e alimentandolo con la sua tavolozza come un compagno di vita in un percorso senza fine. Ecco che trapelano i segni, le visioni cromatiche pungenti e riflessive, le figure sotto gli spessori del colore, schiacciate in un vortice analitico e letterario come se fossero racconti e citazioni nati forse tanto tempo fa \u2013 magari durante la nostra infanzia \u2013 e che riappaiono prepotentemente alla maniera di feticci, di forme antropomorfe fluttuanti non riconducibili a conoscenze scontate, ma suggerite dai nostri sogni in un contemporaneo divenire.<\/p>\n\n\n\n<p>Giugno 2019<\/p>\n\n\n\n<p>I.C.<\/p>\n","protected":false},"excerpt":{"rendered":"<p>A cura di Claudio Cerritelli Museo Butti dal 23 giugno al 21 luglio 2019 Inaugurazione domenica 23 giugno 2019, ore 11.00 Orari d\u2019apertura: da marted\u00ec a venerd\u00ec 14.00-18.30, sabato 9.30 \u2013 12.00 e 14.00-18.30 e domenica 15.00 \u2013 18.00 VISIONI CROMATICHE Nona e ultima presenza qui al Museo Enrico Butti di Viggi\u00f9 che fa parte [&hellip;]<\/p>\n","protected":false},"author":1,"featured_media":554,"comment_status":"closed","ping_status":"closed","sticky":false,"template":"","format":"standard","meta":{"footnotes":""},"categories":[10],"tags":[],"class_list":["post-581","post","type-post","status-publish","format-standard","has-post-thumbnail","hentry","category-mcv"],"_links":{"self":[{"href":"https:\/\/www.museiciviciviggiutesi.com\/index.php?rest_route=\/wp\/v2\/posts\/581","targetHints":{"allow":["GET"]}}],"collection":[{"href":"https:\/\/www.museiciviciviggiutesi.com\/index.php?rest_route=\/wp\/v2\/posts"}],"about":[{"href":"https:\/\/www.museiciviciviggiutesi.com\/index.php?rest_route=\/wp\/v2\/types\/post"}],"author":[{"embeddable":true,"href":"https:\/\/www.museiciviciviggiutesi.com\/index.php?rest_route=\/wp\/v2\/users\/1"}],"replies":[{"embeddable":true,"href":"https:\/\/www.museiciviciviggiutesi.com\/index.php?rest_route=%2Fwp%2Fv2%2Fcomments&post=581"}],"version-history":[{"count":1,"href":"https:\/\/www.museiciviciviggiutesi.com\/index.php?rest_route=\/wp\/v2\/posts\/581\/revisions"}],"predecessor-version":[{"id":582,"href":"https:\/\/www.museiciviciviggiutesi.com\/index.php?rest_route=\/wp\/v2\/posts\/581\/revisions\/582"}],"wp:featuredmedia":[{"embeddable":true,"href":"https:\/\/www.museiciviciviggiutesi.com\/index.php?rest_route=\/wp\/v2\/media\/554"}],"wp:attachment":[{"href":"https:\/\/www.museiciviciviggiutesi.com\/index.php?rest_route=%2Fwp%2Fv2%2Fmedia&parent=581"}],"wp:term":[{"taxonomy":"category","embeddable":true,"href":"https:\/\/www.museiciviciviggiutesi.com\/index.php?rest_route=%2Fwp%2Fv2%2Fcategories&post=581"},{"taxonomy":"post_tag","embeddable":true,"href":"https:\/\/www.museiciviciviggiutesi.com\/index.php?rest_route=%2Fwp%2Fv2%2Ftags&post=581"}],"curies":[{"name":"wp","href":"https:\/\/api.w.org\/{rel}","templated":true}]}}